{"id":8605,"date":"2024-11-20T00:10:00","date_gmt":"2024-11-20T05:10:00","guid":{"rendered":"https:\/\/www.revistaciendiascinep.com\/home\/?p=8605"},"modified":"2024-11-22T16:05:17","modified_gmt":"2024-11-22T21:05:17","slug":"en-que-esta-y-para-donde-va-la-paz-total","status":"publish","type":"post","link":"https:\/\/www.revistaciendiascinep.com\/home\/en-que-esta-y-para-donde-va-la-paz-total\/","title":{"rendered":"\u00bfEn qu\u00e9 est\u00e1 y para d\u00f3nde va la Paz Total?"},"content":{"rendered":"\n<h2 class=\"wp-block-heading\"><em>A m\u00e1s de dos a\u00f1os de que el Gobierno nacional lanzara su ambiciosa apuesta de paz total, hay m\u00e1s preguntas que respuestas sobre su futuro y viabilidad. \u00bfCu\u00e1l es su estado actual y qu\u00e9 esperar para lo que queda de esta administraci\u00f3n?<\/em><\/h2>\n\n\n\n<font font=\"\" size=\"3\" face=\"Roboto, Arial\" color=\"#AAAAAA\">EDICI\u00d3N 112 SEP-DIC 2024<\/font>\n\n\n\n<p class=\"has-drop-cap has-black-color has-text-color\"><em style=\"user-select: auto;\">En el marco de su apuesta de paz total, el Gobierno Petro activ\u00f3 dos tipos de salida dialogada al conflicto violento con m\u00faltiples grupos armados. De los nueve frentes de di\u00e1logo abiertos, cuatro son negociaciones pol\u00edticas con organizaciones a las que el Gobierno reconoce su estatus rebelde, y los otros cinco se desarrollan con estructuras criminales, por medio de conversaciones socio-jur\u00eddicas. El siguiente cuadro presenta un inventario de estos nueve frentes de di\u00e1logo, y los principales hitos y desaf\u00edos de cada uno hasta el momento.<\/em><\/p>\n\n\n\n<h2 class=\"wp-block-heading\"><strong>Radiograf\u00eda actual de la Paz Total<\/strong><\/h2>\n\n\n\n<p>En el marco de su apuesta de paz total, el Gobierno Petro activ\u00f3 dos tipos de salida dialogada al conflicto violento con m\u00faltiples grupos armados. De los nueve frentes de di\u00e1logo abiertos, cuatro son negociaciones pol\u00edticas con organizaciones a las que el Gobierno reconoce su estatus rebelde, y los otros cinco se desarrollan con estructuras criminales, por medio de conversaciones socio-jur\u00eddicas. El siguiente cuadro presenta un inventario de estos nueve frentes de di\u00e1logo, y los principales hitos y desaf\u00edos de cada uno hasta el momento.<\/p>\n\n\n\n<p><strong>Cuadro 1.<\/strong> Inventario de la paz total a noviembre de 2024<\/p>\n\n\n\n<figure class=\"wp-block-image size-large\"><img loading=\"lazy\" decoding=\"async\" width=\"629\" height=\"1024\" src=\"https:\/\/www.revistaciendiascinep.com\/home\/wp-content\/uploads\/2024\/11\/Cuadro1-Barrera-629x1024.png\" alt=\"\" class=\"wp-image-8606\" srcset=\"https:\/\/www.revistaciendiascinep.com\/home\/wp-content\/uploads\/2024\/11\/Cuadro1-Barrera-629x1024.png 629w, https:\/\/www.revistaciendiascinep.com\/home\/wp-content\/uploads\/2024\/11\/Cuadro1-Barrera-184x300.png 184w, https:\/\/www.revistaciendiascinep.com\/home\/wp-content\/uploads\/2024\/11\/Cuadro1-Barrera-944x1536.png 944w, https:\/\/www.revistaciendiascinep.com\/home\/wp-content\/uploads\/2024\/11\/Cuadro1-Barrera-1258x2048.png 1258w, https:\/\/www.revistaciendiascinep.com\/home\/wp-content\/uploads\/2024\/11\/Cuadro1-Barrera.png 1319w\" sizes=\"auto, (max-width: 629px) 100vw, 629px\" \/><\/figure>\n\n\n\n<h3 class=\"wp-block-heading\"><strong>Negociaciones pol\u00edticas<\/strong><\/h3>\n\n\n\n<p>Entre las negociaciones pol\u00edticas, la que se desarrolla con los Comuneros del Sur, la facci\u00f3n que se separ\u00f3 oficialmente del ELN el pasado mes de mayo, parece tener las mejores perspectivas. Se trata de una organizaci\u00f3n peque\u00f1a, compuesta por cerca de 200 personas, que opera en una extensi\u00f3n territorial limitada del departamento de Nari\u00f1o, de aproximadamente diez municipios.<\/p>\n\n\n\n<p>En el mes de octubre, las partes llegaron a un acuerdo en el que se comprometen a pactar un cese al fuego bilateral y definitivo; crear zonas de concentraci\u00f3n para que, gradualmente, las tropas del grupo armado destruyan su armamento y transiten hacia la vida civil; y avanzar en un desminado humanitario. Otros temas de negociaci\u00f3n que est\u00e1n sobre la mesa, como la creaci\u00f3n de un distrito minero en la regi\u00f3n y el fortalecimiento de las guardias ind\u00edgenas locales, como medida de seguridad, parecieran alcanzables, si se tiene en cuenta el amplio respaldo pol\u00edtico de esta negociaci\u00f3n, por parte del presidente Gustavo Petro, del Alto consejero para la Paz, Otty Pati\u00f1o, y del Gobernador de Nari\u00f1o, Luis Alfonso Escobar.<\/p>\n\n\n\n<p>En el caso de las negociaciones pol\u00edticas con las dos disidencias de las extintas FARC, a\u00fan no hay agendas claras, ni tampoco mucha certeza sobre cu\u00e1nta cohesi\u00f3n existe al interior de cada una de estas coaliciones armadas.<\/p>\n\n\n\n<p>Por una parte, se encuentran las unidades adscritas al mando de Carlos Calarc\u00e1, que se mantuvieron en la mesa, luego de que Iv\u00e1n Mordisco y los grupos bajo su influencia abandonaran la negociaci\u00f3n, en abril de este a\u00f1o. &nbsp;Agotados seis ciclos de conversaciones, en el marco de este proceso se han logrado avances en dos puntos b\u00e1sicos: la extensi\u00f3n del cese bilateral por seis meses m\u00e1s (16 octubre de 2024 -15 de abril de 2025); y la definici\u00f3n de un protocolo para la participaci\u00f3n de la sociedad civil, que se espera sea la que ofrezca insumos sobre las tem\u00e1ticas que se deben abordar en la mesa. Dos asuntos cr\u00edticos que, no obstante, deber\u00e1n sortear las consecuencias de la guerra que Iv\u00e1n Mordisco y sus unidades, le declararon a las disidencias de Calarc\u00e1, en varias regiones del suroriente y suroccidente del pa\u00eds.&nbsp;<\/p>\n\n\n\n<p>Por otra parte, el proceso con la Segunda Marquetalia, de m\u00e1s reciente formalizaci\u00f3n, apenas si ha avanzado. Los rumores sobre la supuesta muerte de uno de sus principales negociadores, Iv\u00e1n M\u00e1rquez, retrasaron el inicio del segundo ciclo de conversaciones, previsto para el mes de octubre. Adem\u00e1s de c\u00f3mo se van a comportar las diversas facciones que componen esta disidencia, el otro gran interrogante que rodea esta mesa, alude a cu\u00e1l va a ser la f\u00f3rmula jur\u00eddica para superar la restricci\u00f3n constitucional de negociar con quienes firmaron el acuerdo de 2016 y retomaron las armas.<\/p>\n\n\n\n<p>Finalmente, el proceso con el ELN se encuentra en puntos suspensivos, despu\u00e9s de que el Gobierno decidiera congelar estas conversaciones en octubre de este a\u00f1o, ante el ataque cometido por esta guerrilla a una base militar en Puerto Jord\u00e1n, Arauca. Hasta entonces, desde su instalaci\u00f3n en noviembre de 2022, el proceso hab\u00eda transcurrido en medio de m\u00faltiples controversias, pero con hitos relevantes, como un cese al fuego bilateral sin precedentes en la negociaci\u00f3n con esta guerrilla y el desarrollo de un proceso consultivo con organizaciones territoriales, para definir la metodolog\u00eda de la participaci\u00f3n de la sociedad civil en la mesa.<\/p>\n\n\n\n<p>Retomar estos logros y reactivar la mesa es urgente, pero hay dudas sobre si existen las condiciones necesarias para que esto suceda. Especialmente, por la incertidumbre de las relaciones de Colombia con Venezuela, despu\u00e9s de las fraudulentas elecciones presidenciales que tuvieron lugar en ese pa\u00eds; los efectos adversos que tuvo la movida del Alto Comisionado de Paz, de presionar al ELN al abrir un di\u00e1logo directo con una de sus facciones disidentes que opera en Nari\u00f1o; y los resultados que dej\u00f3 el sexto congreso de esta guerrilla, en el que se ratificaron la comandancia actual del grupo y las mismas posturas maximalistas que han dificultado la negociaci\u00f3n en ocasiones anteriores. &nbsp;&nbsp;&nbsp;<\/p>\n\n\n\n<figure class=\"wp-block-image alignwide size-large\"><img loading=\"lazy\" decoding=\"async\" width=\"1024\" height=\"575\" src=\"https:\/\/www.revistaciendiascinep.com\/home\/wp-content\/uploads\/2024\/11\/Foto-@ComisionadoPaz-1024x575.jpeg\" alt=\"\" class=\"wp-image-8609\" srcset=\"https:\/\/www.revistaciendiascinep.com\/home\/wp-content\/uploads\/2024\/11\/Foto-@ComisionadoPaz-1024x575.jpeg 1024w, https:\/\/www.revistaciendiascinep.com\/home\/wp-content\/uploads\/2024\/11\/Foto-@ComisionadoPaz-300x169.jpeg 300w, https:\/\/www.revistaciendiascinep.com\/home\/wp-content\/uploads\/2024\/11\/Foto-@ComisionadoPaz-1536x863.jpeg 1536w, https:\/\/www.revistaciendiascinep.com\/home\/wp-content\/uploads\/2024\/11\/Foto-@ComisionadoPaz.jpeg 1600w\" sizes=\"auto, (max-width: 1024px) 100vw, 1024px\" \/><figcaption>Foto: @Comisionadopaz\/X.<\/figcaption><\/figure>\n\n\n\n<h3 class=\"wp-block-heading\"><strong>Conversaciones socio-jur\u00eddicas<\/strong><\/h3>\n\n\n\n<p>Del lado de las conversaciones socio-jur\u00eddicas, el panorama tampoco es el m\u00e1s alentador. All\u00ed convergen grupos con muy distintos grados de sofisticaci\u00f3n organizacional, influencia territorial y capacidad de da\u00f1o.<\/p>\n\n\n\n<p>Instalada el 2 de junio de 2023 en la c\u00e1rcel de m\u00e1xima de seguridad de Itag\u00fc\u00ed, la mesa con las bandas del Valle de Aburr\u00e1 recoge organizaciones que, durante d\u00e9cadas, han coordinado el crimen organizado en la regi\u00f3n, por medio de un sofisticado esquema de gobernanza, que integra entre 350 y 400 combos (entre 10 mil y 14 mil j\u00f3venes). En materia de agenda, hay cuatro temas sobre esta mesa pendientes de oficializarse: respeto a la vida y a las v\u00edctimas; inclusi\u00f3n de territorios y de los sectores juveniles; transici\u00f3n de las econom\u00edas ilegales; y estrategias para el desmonte de las estructuras armadas. Y, recientemente, en el mes de octubre de este a\u00f1o, se estableci\u00f3 una hoja de ruta para la participaci\u00f3n de la sociedad civil en el proceso. En ella se establece la centralidad de las v\u00edctimas y se definen tres instancias de participaci\u00f3n: asambleas de paz urbana, un espacio asambleario general y un comit\u00e9 de impulso para la paz urbana.<\/p>\n\n\n\n<p>La segunda de estas mesas de conversaci\u00f3n socio-jur\u00eddica se instal\u00f3 el 18 julio de 2023 en Buenaventura, con dos grupos criminales locales, Shottas y Espartanos, que re\u00fanen a cerca de 1.700 j\u00f3venes. El principal logro de este di\u00e1logo, a casi un a\u00f1o y medio de haberse oficializado, ha sido asegurar una sucesi\u00f3n de treguas para reducir el homicidio en el puerto, m\u00e1s no para disminuir otras pr\u00e1cticas delincuenciales como la extorsi\u00f3n que, al contrario, se ha incrementado.<\/p>\n\n\n\n<p>De todas formas, una muestra de buena voluntad que, a juicio de los voceros de estos grupos, no ha sido correspondida por el Gobierno nacional, quien \u00fan no les ha definido el tratamiento jur\u00eddico que recibir\u00edan, en caso de acogerse a la justicia, ni tampoco ha llegado con la oferta institucional que esperan, les asegure su tr\u00e1nsito hacia la legalidad. Estas incertidumbres se agravaron todav\u00eda m\u00e1s, ante la intempestiva decisi\u00f3n de la Oficina del Alto Comisionado para la Paz de cambiar por completo el equipo negociador del Gobierno, luego de que \u00e9ste le enviara una carta solicitando las partidas presupuestales y el compromiso institucional necesario para cumplir los acuerdos suscritos en la mesa.<\/p>\n\n\n\n<p>Por \u00faltimo, la mesa con las tres bandas de Quibd\u00f3, Locos Yam, Mexicanos y RPS, oficializada el 18 de agosto de 2023, pasa tambi\u00e9n por su propia crisis. Las treguas entre las bandas y el acuerdo que suscribieron las partes en agosto de este a\u00f1o, para reducir la extorsi\u00f3n en la ciudad, no fueron suficientes para incentivar una respuesta temprana de parte del Gobierno nacional. En el entretanto, la mayor estructura criminal del pa\u00eds, el Clan del Golfo, aprovech\u00f3 para expandirse en algunos barrios, provocando que las tres bandas locales levantaran la tregua y amenazaran con suspender la mesa por la presunta connivencia de algunas autoridades con este grupo criminal.<\/p>\n\n\n\n<figure class=\"wp-block-image alignwide size-large\"><img loading=\"lazy\" decoding=\"async\" width=\"1024\" height=\"684\" src=\"https:\/\/www.revistaciendiascinep.com\/home\/wp-content\/uploads\/2024\/11\/Firma-de-la-hoja-de-ruta-para-la-construccion-de-la-paz-territorial-con-el-Frente-Comuneros-del-Sur-Foto-tomada-de-@ComisionadoPaz-1024x684.jpeg\" alt=\"\" class=\"wp-image-8611\" srcset=\"https:\/\/www.revistaciendiascinep.com\/home\/wp-content\/uploads\/2024\/11\/Firma-de-la-hoja-de-ruta-para-la-construccion-de-la-paz-territorial-con-el-Frente-Comuneros-del-Sur-Foto-tomada-de-@ComisionadoPaz-1024x684.jpeg 1024w, https:\/\/www.revistaciendiascinep.com\/home\/wp-content\/uploads\/2024\/11\/Firma-de-la-hoja-de-ruta-para-la-construccion-de-la-paz-territorial-con-el-Frente-Comuneros-del-Sur-Foto-tomada-de-@ComisionadoPaz-300x200.jpeg 300w, https:\/\/www.revistaciendiascinep.com\/home\/wp-content\/uploads\/2024\/11\/Firma-de-la-hoja-de-ruta-para-la-construccion-de-la-paz-territorial-con-el-Frente-Comuneros-del-Sur-Foto-tomada-de-@ComisionadoPaz-1536x1025.jpeg 1536w, https:\/\/www.revistaciendiascinep.com\/home\/wp-content\/uploads\/2024\/11\/Firma-de-la-hoja-de-ruta-para-la-construccion-de-la-paz-territorial-con-el-Frente-Comuneros-del-Sur-Foto-tomada-de-@ComisionadoPaz-270x180.jpeg 270w, https:\/\/www.revistaciendiascinep.com\/home\/wp-content\/uploads\/2024\/11\/Firma-de-la-hoja-de-ruta-para-la-construccion-de-la-paz-territorial-con-el-Frente-Comuneros-del-Sur-Foto-tomada-de-@ComisionadoPaz-770x515.jpeg 770w, https:\/\/www.revistaciendiascinep.com\/home\/wp-content\/uploads\/2024\/11\/Firma-de-la-hoja-de-ruta-para-la-construccion-de-la-paz-territorial-con-el-Frente-Comuneros-del-Sur-Foto-tomada-de-@ComisionadoPaz.jpeg 1600w\" sizes=\"auto, (max-width: 1024px) 100vw, 1024px\" \/><figcaption>Firma de la hoja de ruta para la construcci\u00f3n de la paz territorial con el Frente Comuneros del Sur. Foto: @ComisionadoPaz\/X.<\/figcaption><\/figure>\n\n\n\n<p>Justo cuando se conoc\u00edan estas noticias, el Gobierno nacional expidi\u00f3 la resoluci\u00f3n 257 de 2024 con la que autoriz\u00f3 la instalaci\u00f3n de un espacio de conversaci\u00f3n socio-jur\u00eddica con el Clan del Golfo que, hasta el momento, no se ha materializado. Se trata del segundo intento del Gobierno en este sentido. El primero tuvo lugar durante el primer semestre de 2023, cuando el presidente Petro autoriz\u00f3 un cese al fuego con esta organizaci\u00f3n, que finalmente termin\u00f3 rompi\u00e9ndose por la participaci\u00f3n de este grupo armado en los hechos violentos que tuvieron lugar durante el paro minero del Bajo Cauca en marzo de ese mismo a\u00f1o. Al igual que en el esfuerzo anterior, en esta nueva oportunidad la pregunta sigue siendo la misma: c\u00f3mo alinear las expectativas de reconocimiento pol\u00edtico de este grupo criminal, con la oferta de sometimiento que el Gobierno est\u00e9 en capacidad de realizar.<\/p>\n\n\n\n<p>A pocos d\u00edas de hacerse p\u00fablica esta resoluci\u00f3n, se public\u00f3 otra m\u00e1s, en la que el Gobierno autoriz\u00f3 tambi\u00e9n conversaciones socio-jur\u00eddicas con las Autodefensas Conquistadoras de la Sierra Nevada (ACSN) que, actualmente, libra una guerra en su zona de influencia con el Clan del Golfo, que se ha expandido ah\u00ed para disputarle sus rentas y control. Las ACSN tambi\u00e9n estuvieron incluidas en el paquete de ceses al fuego bilaterales de finales de 2022, que oper\u00f3 hasta el 30 de junio con relativo \u00e9xito en este caso particular. Desde ese momento, esta organizaci\u00f3n armada ha insistido por medio de diversos comunicados p\u00fablicos, en su inter\u00e9s de hacer parte de la paz total.<\/p>\n\n\n\n<h2 class=\"wp-block-heading\"><strong>Tres problemas de fondo<\/strong><\/h2>\n\n\n\n<p>Este conjunto tan diverso de procesos en curso, con sus avances y reveses particulares, revelan tres problemas medulares de la paz total.<\/p>\n\n\n\n<p>El primero de ellos ha sido la excesiva ambici\u00f3n de la paz total y la brecha que esto genera entre expectativas y capacidades. Sin duda, la b\u00fasqueda de la paz debe incluir la mayor cantidad de grupos armados, para as\u00ed superar la tendencia hist\u00f3rica de avanzar por facciones. Pero ello no debe desconocer que estas cuestiones se operacionalizan en contextos en los que los recursos necesarios para sacarlas adelante son siempre escasos. La capacidad de atenci\u00f3n de los funcionarios para seguir, acompa\u00f1ar y liderar tantos procesos es limitada, y los costos de coordinar los diferentes equipos de negociaci\u00f3n pueden ser simplemente insostenibles, como ha venido ocurriendo.<\/p>\n\n\n\n<p>El segundo problema de fondo de la paz total es su falta de claridad. A estas alturas del juego no existen lineamientos claros en cuanto a sus objetivos centrales, sus potenciales puntos de llegada y el conjunto de acciones b\u00e1sicas que el Gobierno est\u00e1 dispuesto a emprender para llegar ah\u00ed. M\u00e1s que un capricho intelectual o una camisa de fuerza, la definici\u00f3n de una hoja de ruta de esta naturaleza, adem\u00e1s de controlar las expectativas ciudadanas, contribuir\u00eda a instalar una visi\u00f3n compartida y coherente entre diferentes agencias estatales y funcionarios p\u00fablicos, minimizando la posibilidad de que ocurran choques como los que han tenido lugar, por ejemplo, entre el Alto Comisionado para la Paz y el ministro de Defensa.<\/p>\n\n\n\n<figure class=\"wp-block-image alignwide size-large\"><img loading=\"lazy\" decoding=\"async\" width=\"1024\" height=\"683\" src=\"https:\/\/www.revistaciendiascinep.com\/home\/wp-content\/uploads\/2024\/11\/Fotografia-de-la-Unidad-de-Restitucion-de-Tierras-1024x683.jpg\" alt=\"\" class=\"wp-image-8612\" srcset=\"https:\/\/www.revistaciendiascinep.com\/home\/wp-content\/uploads\/2024\/11\/Fotografia-de-la-Unidad-de-Restitucion-de-Tierras-1024x683.jpg 1024w, https:\/\/www.revistaciendiascinep.com\/home\/wp-content\/uploads\/2024\/11\/Fotografia-de-la-Unidad-de-Restitucion-de-Tierras-300x200.jpg 300w, https:\/\/www.revistaciendiascinep.com\/home\/wp-content\/uploads\/2024\/11\/Fotografia-de-la-Unidad-de-Restitucion-de-Tierras-1536x1024.jpg 1536w, https:\/\/www.revistaciendiascinep.com\/home\/wp-content\/uploads\/2024\/11\/Fotografia-de-la-Unidad-de-Restitucion-de-Tierras-270x180.jpg 270w, https:\/\/www.revistaciendiascinep.com\/home\/wp-content\/uploads\/2024\/11\/Fotografia-de-la-Unidad-de-Restitucion-de-Tierras-770x515.jpg 770w\" sizes=\"auto, (max-width: 1024px) 100vw, 1024px\" \/><figcaption>Foto: Unidad de Restituci\u00f3n de Tierras.<\/figcaption><\/figure>\n\n\n\n<p>El tercer problema de fondo de la paz total es que el Gobierno nacional no se preocup\u00f3 por acondicionar, de manera oportuna, una arquitectura institucional, lo suficientemente robusta, que la soportara. Hasta comienzos de este a\u00f1o, por medio de la resoluci\u00f3n presidencial 2294 del 29 de diciembre de 2023, se dio luz verde para que se iniciara el proceso de contrataci\u00f3n de 136 nuevos cargos en la Oficina del Alto Comisionado para la Paz que, hasta ese momento, hab\u00eda tenido s\u00f3lo trece funcionarios. Y el gabinete de paz que, seg\u00fan la ley de 2272 de 2022, debe ser el espacio de coordinaci\u00f3n interinstitucional de alto nivel para todos los asuntos relativos a la paz, apenas se reglament\u00f3 a mediados de este a\u00f1o (ver Decreto 717 de 2024), pero a\u00fan no ha comenzado a funcionar en propiedad.<\/p>\n\n\n\n<h2 class=\"wp-block-heading\"><strong>Perspectivas futuras<\/strong><\/h2>\n\n\n\n<p>Resultado de las contingencias de cada proceso de di\u00e1logo y de la persistencia de estos tres problemas de fondo, la b\u00fasqueda de una paz total con alcance nacional se ha diluido durante estos m\u00e1s de dos a\u00f1os de gobierno. Lo que ha terminado por imponerse es una exploraci\u00f3n desordenada y a\u00fan incierta, con muy distintos grupos armados, bajo una nueva concepci\u00f3n de la paz que se dice territorial sin que a\u00fan sea claro a qu\u00e9 se refiere el gobierno concretamente con este apelativo.<\/p>\n\n\n\n<p>\u00bfSignifica esto que en cuestiones de paz el pa\u00eds va directo al despe\u00f1adero? No necesariamente. Pese a que el tiempo corre en contra y la seguridad se ha deteriorado, en el horizonte hay dos apuestas claves de este Gobierno: que tomaron un nuevo impulso, a prop\u00f3sito del Plan de Choque para acelerar la implementaci\u00f3n del acuerdo de paz de 2016.<\/p>\n\n\n\n<p>Por un lado, est\u00e1 la apuesta por concretar transformaciones territoriales de alto impacto en las 16 subregiones PDET. Se trata de un asunto que aparece gen\u00e9ricamente en todas las mesas de la paz total, y que el nuevo impulso que recibe el acuerdo de 2016 podr\u00eda llenarlo de contenido y potencialmente alinear m\u00faltiples agendas a nivel territorial que, hasta el momento, no s\u00f3lo caminan por separado, sino que muchas veces compiten entre s\u00ed<\/p>\n\n\n\n<p>Por el otro, est\u00e1 la apuesta por fortalecer la participaci\u00f3n de las comunidades, orientada hacia un pacto pol\u00edtico por la paz, que vaya de lo territorial a lo nacional. Aqu\u00ed la clave est\u00e1 en articular a las transformaciones territoriales, una estrategia de movilizaci\u00f3n de fuerzas sociales, encaminada a asegurar que sean procesos de inversi\u00f3n transparentes t\u00e9cnicamente y sostenibles pol\u00edticamente. De lo contrario, se correr\u00eda la misma suerte que han tenido m\u00faltiples procesos participativos similares, donde lo que predomina es la consulta y la deliberaci\u00f3n, pero sin ninguna capacidad efectiva de decisi\u00f3n y ejecuci\u00f3n.<\/p>\n\n\n\n<p>Que se avance o no con esas dos apuestas, depender\u00e1 de la apertura y capacidad de articulaci\u00f3n interna que tenga este gobierno para introducir algunos ajustes en su pol\u00edtica de paz, y de la posibilidad de imaginar colectivamente un repertorio pacifista m\u00e1s creativo, novedoso y, sobre todo, <em>posible<\/em> en las actuales circunstancias.<\/p>\n","protected":false},"excerpt":{"rendered":"<p>A m\u00e1s de dos a\u00f1os de que el Gobierno nacional lanzara su ambiciosa apuesta de paz total, hay m\u00e1s preguntas que respuestas sobre su futuro y viabilidad. \u00bfCu\u00e1l es su estado actual y qu\u00e9 esperar para lo que queda de esta administraci\u00f3n?<\/p>\n","protected":false},"author":16,"featured_media":8607,"comment_status":"closed","ping_status":"closed","sticky":false,"template":"","format":"standard","meta":{"_monsterinsights_skip_tracking":false,"_monsterinsights_sitenote_active":false,"_monsterinsights_sitenote_note":"","_monsterinsights_sitenote_category":0,"footnotes":""},"categories":[6585,4876],"tags":[5084,6008,4545],"class_list":{"0":"post-8605","1":"post","2":"type-post","3":"status-publish","4":"format-standard","5":"has-post-thumbnail","7":"category-6585","8":"category-paz-total","9":"tag-dialogos-de-paz","10":"tag-negociaciones-de-paz","11":"tag-paz-total"},"aioseo_notices":[],"featured_image_urls_v2":{"full":["https:\/\/www.revistaciendiascinep.com\/home\/wp-content\/uploads\/2024\/11\/Instalacion-de-la-Mesa-de-Dialogos-de-Paz-con-la-Segunda-Marquetalia.jpeg",1600,900,false],"thumbnail":["https:\/\/www.revistaciendiascinep.com\/home\/wp-content\/uploads\/2024\/11\/Instalacion-de-la-Mesa-de-Dialogos-de-Paz-con-la-Segunda-Marquetalia-150x150.jpeg",150,150,true],"medium":["https:\/\/www.revistaciendiascinep.com\/home\/wp-content\/uploads\/2024\/11\/Instalacion-de-la-Mesa-de-Dialogos-de-Paz-con-la-Segunda-Marquetalia-300x169.jpeg",300,169,true],"medium_large":["https:\/\/www.revistaciendiascinep.com\/home\/wp-content\/uploads\/2024\/11\/Instalacion-de-la-Mesa-de-Dialogos-de-Paz-con-la-Segunda-Marquetalia.jpeg",768,432,false],"large":["https:\/\/www.revistaciendiascinep.com\/home\/wp-content\/uploads\/2024\/11\/Instalacion-de-la-Mesa-de-Dialogos-de-Paz-con-la-Segunda-Marquetalia-1024x576.jpeg",770,433,true],"1536x1536":["https:\/\/www.revistaciendiascinep.com\/home\/wp-content\/uploads\/2024\/11\/Instalacion-de-la-Mesa-de-Dialogos-de-Paz-con-la-Segunda-Marquetalia-1536x864.jpeg",1536,864,true],"2048x2048":["https:\/\/www.revistaciendiascinep.com\/home\/wp-content\/uploads\/2024\/11\/Instalacion-de-la-Mesa-de-Dialogos-de-Paz-con-la-Segunda-Marquetalia.jpeg",1600,900,false],"post-thumbnail":["https:\/\/www.revistaciendiascinep.com\/home\/wp-content\/uploads\/2024\/11\/Instalacion-de-la-Mesa-de-Dialogos-de-Paz-con-la-Segunda-Marquetalia-270x180.jpeg",270,180,true],"contentberg-main":["https:\/\/www.revistaciendiascinep.com\/home\/wp-content\/uploads\/2024\/11\/Instalacion-de-la-Mesa-de-Dialogos-de-Paz-con-la-Segunda-Marquetalia-770x515.jpeg",770,515,true],"contentberg-main-full":["https:\/\/www.revistaciendiascinep.com\/home\/wp-content\/uploads\/2024\/11\/Instalacion-de-la-Mesa-de-Dialogos-de-Paz-con-la-Segunda-Marquetalia-1170x508.jpeg",1170,508,true],"contentberg-slider-stylish":["https:\/\/www.revistaciendiascinep.com\/home\/wp-content\/uploads\/2024\/11\/Instalacion-de-la-Mesa-de-Dialogos-de-Paz-con-la-Segunda-Marquetalia-900x515.jpeg",900,515,true],"contentberg-slider-carousel":["https:\/\/www.revistaciendiascinep.com\/home\/wp-content\/uploads\/2024\/11\/Instalacion-de-la-Mesa-de-Dialogos-de-Paz-con-la-Segunda-Marquetalia-370x370.jpeg",370,370,true],"contentberg-slider-grid-b":["https:\/\/www.revistaciendiascinep.com\/home\/wp-content\/uploads\/2024\/11\/Instalacion-de-la-Mesa-de-Dialogos-de-Paz-con-la-Segunda-Marquetalia-554x466.jpeg",554,466,true],"contentberg-slider-grid-b-sm":["https:\/\/www.revistaciendiascinep.com\/home\/wp-content\/uploads\/2024\/11\/Instalacion-de-la-Mesa-de-Dialogos-de-Paz-con-la-Segunda-Marquetalia-306x466.jpeg",306,466,true],"contentberg-slider-bold-sm":["https:\/\/www.revistaciendiascinep.com\/home\/wp-content\/uploads\/2024\/11\/Instalacion-de-la-Mesa-de-Dialogos-de-Paz-con-la-Segunda-Marquetalia-150x150.jpeg",150,150,true],"contentberg-grid":["https:\/\/www.revistaciendiascinep.com\/home\/wp-content\/uploads\/2024\/11\/Instalacion-de-la-Mesa-de-Dialogos-de-Paz-con-la-Segunda-Marquetalia-370x245.jpeg",370,245,true],"contentberg-list":["https:\/\/www.revistaciendiascinep.com\/home\/wp-content\/uploads\/2024\/11\/Instalacion-de-la-Mesa-de-Dialogos-de-Paz-con-la-Segunda-Marquetalia-260x200.jpeg",260,200,true],"contentberg-list-b":["https:\/\/www.revistaciendiascinep.com\/home\/wp-content\/uploads\/2024\/11\/Instalacion-de-la-Mesa-de-Dialogos-de-Paz-con-la-Segunda-Marquetalia-370x305.jpeg",370,305,true],"contentberg-thumb":["https:\/\/www.revistaciendiascinep.com\/home\/wp-content\/uploads\/2024\/11\/Instalacion-de-la-Mesa-de-Dialogos-de-Paz-con-la-Segunda-Marquetalia-87x67.jpeg",87,67,true],"contentberg-thumb-alt":["https:\/\/www.revistaciendiascinep.com\/home\/wp-content\/uploads\/2024\/11\/Instalacion-de-la-Mesa-de-Dialogos-de-Paz-con-la-Segunda-Marquetalia-150x150.jpeg",150,150,true]},"post_excerpt_stackable_v2":"<p>A m\u00e1s de dos a\u00f1os de que el Gobierno nacional lanzara su ambiciosa apuesta de paz total, hay m\u00e1s preguntas que respuestas sobre su futuro y viabilidad. \u00bfCu\u00e1l es su estado actual y qu\u00e9 esperar para lo que queda de esta administraci\u00f3n?<\/p>\n","category_list_v2":"<a href=\"https:\/\/www.revistaciendiascinep.com\/home\/category\/ediciones\/112\/\" rel=\"category tag\">112 \/ SEP-DIC 2024<\/a>, <a href=\"https:\/\/www.revistaciendiascinep.com\/home\/category\/temas\/paz-total\/\" rel=\"category tag\">Paz Total<\/a>","author_info_v2":{"name":"V\u00edctor Barrera","url":"https:\/\/www.revistaciendiascinep.com\/home\/author\/victorbarrera\/"},"comments_num_v2":"0 comments","_links":{"self":[{"href":"https:\/\/www.revistaciendiascinep.com\/home\/wp-json\/wp\/v2\/posts\/8605","targetHints":{"allow":["GET"]}}],"collection":[{"href":"https:\/\/www.revistaciendiascinep.com\/home\/wp-json\/wp\/v2\/posts"}],"about":[{"href":"https:\/\/www.revistaciendiascinep.com\/home\/wp-json\/wp\/v2\/types\/post"}],"author":[{"embeddable":true,"href":"https:\/\/www.revistaciendiascinep.com\/home\/wp-json\/wp\/v2\/users\/16"}],"replies":[{"embeddable":true,"href":"https:\/\/www.revistaciendiascinep.com\/home\/wp-json\/wp\/v2\/comments?post=8605"}],"version-history":[{"count":2,"href":"https:\/\/www.revistaciendiascinep.com\/home\/wp-json\/wp\/v2\/posts\/8605\/revisions"}],"predecessor-version":[{"id":8613,"href":"https:\/\/www.revistaciendiascinep.com\/home\/wp-json\/wp\/v2\/posts\/8605\/revisions\/8613"}],"wp:featuredmedia":[{"embeddable":true,"href":"https:\/\/www.revistaciendiascinep.com\/home\/wp-json\/wp\/v2\/media\/8607"}],"wp:attachment":[{"href":"https:\/\/www.revistaciendiascinep.com\/home\/wp-json\/wp\/v2\/media?parent=8605"}],"wp:term":[{"taxonomy":"category","embeddable":true,"href":"https:\/\/www.revistaciendiascinep.com\/home\/wp-json\/wp\/v2\/categories?post=8605"},{"taxonomy":"post_tag","embeddable":true,"href":"https:\/\/www.revistaciendiascinep.com\/home\/wp-json\/wp\/v2\/tags?post=8605"}],"curies":[{"name":"wp","href":"https:\/\/api.w.org\/{rel}","templated":true}]}}