{"id":8614,"date":"2024-11-20T00:06:00","date_gmt":"2024-11-20T05:06:00","guid":{"rendered":"https:\/\/www.revistaciendiascinep.com\/home\/?p=8614"},"modified":"2024-11-22T16:06:13","modified_gmt":"2024-11-22T21:06:13","slug":"texto-de-la-carta-del-foro-del-agua-amazonas-a-la-sociedad-y-a-los-tomadores-de-decisiones","status":"publish","type":"post","link":"https:\/\/www.revistaciendiascinep.com\/home\/texto-de-la-carta-del-foro-del-agua-amazonas-a-la-sociedad-y-a-los-tomadores-de-decisiones\/","title":{"rendered":"Texto de la carta del Foro del Agua Amazonas a la sociedad y a los tomadores de decisiones"},"content":{"rendered":"\n<h2 class=\"wp-block-heading\"><\/h2>\n\n\n\n<font font=\"\" size=\"3\" face=\"Roboto, Arial\" color=\"#AAAAAA\">EDICI\u00d3N 112 SEP-DIC 2024<\/font>\n\n\n\n<p class=\"has-drop-cap has-black-color has-text-color\"><em style=\"user-select: auto;\">El Amazonas y el Pantanal, biomas esenciales para la vida en el planeta, est\u00e1n al borde del colapso. Las regiones sufren impactos devastadores sobre la biodiversidad, los servicios ecosist\u00e9micos y las poblaciones humanas, especialmente entre los grupos sociales m\u00e1s vulnerables. Datos recientes de MapBiomas revelan una retracci\u00f3n alarmante en la superficie del agua de estos biomas. La Amazonia, que contiene m\u00e1s de la mitad del agua superficial de Brasil, perdi\u00f3 3,3 millones de hect\u00e1reas de superficie de agua en 2023, en comparaci\u00f3n con el a\u00f1o anterior. El Pantanal, a su vez, enfrenta una de las peores sequ\u00edas de la historia, con una reducci\u00f3n del 61% de su superficie h\u00eddrica en relaci\u00f3n con el promedio hist\u00f3rico, lo que resulta en s\u00f3lo el 2,6% de su territorio cubierto por agua.<\/em><\/p>\n\n\n\n<p>La dram\u00e1tica p\u00e9rdida de agua est\u00e1 directamente relacionada con pol\u00edticas y agendas antiambientales que producen deforestaci\u00f3n y quemas a gran escala e intensifican el avance del cambio clim\u00e1tico. En estos momentos, miles buscan ayuda m\u00e9dica para respirar mejor, reducir la tos, la irritaci\u00f3n de garganta y ojos o automedicarse, ya que las personas con comorbilidades tienen mayor riesgo de muerte. Otras miles de familias est\u00e1n aisladas, sin acceso a agua y alimentos (excepto lo que llega a trav\u00e9s de alguna acci\u00f3n de apoyo); los peces y las marsopas mueren por falta de agua y ox\u00edgeno; la vida cotidiana de las comunidades ribere\u00f1as y de los pueblos ind\u00edgenas se ve profundamente alterada, provocando enfermedades y trastornos mentales; las escuelas cerradas, el ciclo de ense\u00f1anza totalmente desajustado; y los territorios han sido invadidos por acaparadores de tierras, madereros y narcotraficantes.<\/p>\n\n\n\n<p>Ante este escenario, l\u00edderes pol\u00edticos y empresariales defienden que la pavimentaci\u00f3n de la carretera federal BR-319 que une Porto Velho-RO en el \u201cinfame arco de deforestaci\u00f3n\u201d con Manaus-AM en la Amazon\u00eda central, podr\u00eda resolver el problema del aislamiento de estas comunidades, especialmente en periodos de sequ\u00eda. Sin embargo, los datos muestran lo contrario. Los municipios m\u00e1s afectados por la sequ\u00eda no son accesibles por carretera, mientras que los municipios conectados por la BR-319 tienen las mayores tasas de degradaci\u00f3n forestal, deforestaci\u00f3n e incendios, agravando a\u00fan m\u00e1s la crisis clim\u00e1tica. La pavimentaci\u00f3n de esta carretera, citada en reconocidas revistas cient\u00edficas como <em>Science, Nature<\/em> y <em>The Lancet<\/em>, es identificada como un factor que impulsa la deforestaci\u00f3n y la degradaci\u00f3n forestal, y lleva a la Amazon\u00eda m\u00e1s all\u00e1 del punto de no retorno de la deforestaci\u00f3n tolerada.<\/p>\n\n\n\n<p>La crisis actual no se limita a un solo ecosistema. Estudios indican que la pavimentaci\u00f3n de la carretera BR-319 y el desmantelamiento de las pol\u00edticas de protecci\u00f3n de las \u00c1reas de Preservaci\u00f3n Permanente (APP), comprometen el funcionamiento de los servicios ecosist\u00e9micos conocidos como &#8220;r\u00edos voladores&#8221;, corrientes de aire que transportan humedad desde la Amazon\u00eda a otras regiones de Brasil y Sudam\u00e9rica. Sin esta humedad, las regiones del sur y sureste de Brasil enfrentar\u00e1n sequ\u00edas a\u00fan m\u00e1s severas, con el colapso de los sistemas agr\u00edcolas que dependen de esta lluvia. La reciente movilidad del humo producido en los incendios desde el norte hacia el sureste y sur, demuestra claramente esta realidad. El suministro de agua en las zonas m\u00e1s pobladas de Brasil, como el sistema de Cantareira, tambi\u00e9n se ver\u00eda seriamente comprometido por estas medidas, amenazando directamente el suministro humano.<\/p>\n\n\n\n<p>Es un hecho, y muy bien documentado, que este emprendimiento afecta la agenda 2030 y los Objetivos de Desarrollo Sostenible (ODS) con los que Brasil est\u00e1 comprometido, como la erradicaci\u00f3n de la pobreza, el hambre cero y la agricultura sostenible, la salud y el bienestar, la calidad de la educaci\u00f3n, p\u00fablica y gratuita, el acceso al agua potable y al saneamiento, el trabajo decente y el crecimiento econ\u00f3mico, as\u00ed como una energ\u00eda asequible y limpia.<\/p>\n\n\n\n<figure class=\"wp-block-image size-large\"><img loading=\"lazy\" decoding=\"async\" width=\"675\" height=\"1024\" src=\"https:\/\/www.revistaciendiascinep.com\/home\/wp-content\/uploads\/2024\/11\/Amazonia-Foto-tomada-del-Flickr-Omer-Bozkurt-675x1024.jpg\" alt=\"\" class=\"wp-image-8616\" srcset=\"https:\/\/www.revistaciendiascinep.com\/home\/wp-content\/uploads\/2024\/11\/Amazonia-Foto-tomada-del-Flickr-Omer-Bozkurt-675x1024.jpg 675w, https:\/\/www.revistaciendiascinep.com\/home\/wp-content\/uploads\/2024\/11\/Amazonia-Foto-tomada-del-Flickr-Omer-Bozkurt-198x300.jpg 198w, https:\/\/www.revistaciendiascinep.com\/home\/wp-content\/uploads\/2024\/11\/Amazonia-Foto-tomada-del-Flickr-Omer-Bozkurt-1013x1536.jpg 1013w, https:\/\/www.revistaciendiascinep.com\/home\/wp-content\/uploads\/2024\/11\/Amazonia-Foto-tomada-del-Flickr-Omer-Bozkurt.jpg 1350w\" sizes=\"auto, (max-width: 675px) 100vw, 675px\" \/><figcaption>Amazon\u00eda. Foto: Omer Bozkurt\/Flickr.<\/figcaption><\/figure>\n\n\n\n<p>De manera vil y peligrosa, y en medio de la mayor crisis h\u00eddrica de Brasil, la Comisi\u00f3n de Constituci\u00f3n y Justicia (CCJ) de la C\u00e1mara de Diputados aprob\u00f3 el Proyecto de Ley (PL) 2168\/2021, que califica como utilidad p\u00fablica, las obras de riego y abrevadero, permitiendo realizarlas en \u00c1reas de Preservaci\u00f3n Permanente (APP). Esta medida da\u00f1ar\u00eda la vegetaci\u00f3n nativa y los cursos de agua protegidos, esenciales para el mantenimiento de los recursos h\u00eddricos, los servicios ecosist\u00e9micos y la biodiversidad. Destruir estas \u00e1reas en beneficio de la agroindustria, durante la peor sequ\u00eda jam\u00e1s registrada, es un grave error, y hoy ya se est\u00e1n propagando incendios intencionales en estos restos de bosques.<\/p>\n\n\n\n<p>La carretera BR-319 es una punta de lanza que allana el camino a la deforestaci\u00f3n en la Amazon\u00eda, que, a trav\u00e9s de la evapotranspiraci\u00f3n y de los r\u00edos voladores, mantiene los ciclos hidrol\u00f3gicos de Brasil, as\u00ed como el coraz\u00f3n bombea sangre por todo el cuerpo. Hoy en d\u00eda, este sistema vital est\u00e1 perforado, esparciendo el humo por otras regiones del pa\u00eds. La destrucci\u00f3n de las APP ser\u00eda como una leucemia que ataca el sistema circulatorio del agua, eliminando las fuentes de producci\u00f3n, que son los manantiales preservados por las APP. Es crucial que los gobiernos reeval\u00faen la forma en que han manejado estas cuestiones urgentes. Estos proyectos asfixian a la poblaci\u00f3n por el humo de los incendios, adem\u00e1s de asfixiar la forma de vida de las poblaciones m\u00e1s vulnerables, debido a la expansi\u00f3n del acaparamiento de tierras y el azote en zonas de uso tradicional.<\/p>\n\n\n\n<p>Los grandes proyectos amaz\u00f3nicos han priorizado la expansi\u00f3n del mercado capitalista y la producci\u00f3n de mercanc\u00edas para la exportaci\u00f3n, generando altos costos ambientales, sociales y culturales. El Estado ha invertido en la explotaci\u00f3n de recursos naturales, promoviendo actividades como la miner\u00eda, la exploraci\u00f3n de petr\u00f3leo y gas, la ganader\u00eda, la agroindustria y la producci\u00f3n hidroel\u00e9ctrica, que causan severos impactos en las comunidades tradicionales y en el clima, agravando sequ\u00edas prolongadas, el aumento de temperaturas, la contaminaci\u00f3n y escasez de agua. Para mitigar estos efectos, es esencial crear econom\u00edas solidarias con bajo impacto ambiental, alineadas con los ciclos de la naturaleza. Las pol\u00edticas actuales representan un ataque directo a la seguridad h\u00eddrica, alimentaria y clim\u00e1tica de Brasil.<\/p>\n\n\n\n<p>Es urgente cerrar la BR-319, revocar el PL 2168\/2021, renacionalizar los servicios de agua y alcantarillado en Manaos y combatir las pol\u00edticas antiambientales que amenazan los ecosistemas y la soberan\u00eda nacional, poniendo en riesgo millones de vidas.<\/p>\n\n\n\n<figure class=\"wp-block-pullquote\"><blockquote><p>Foro del Agua del Amazonas<\/p><\/blockquote><\/figure>\n\n\n\n<p>Mapa Amazon\u00eda brasilera<\/p>\n\n\n\n<p><a href=\"https:\/\/www.istockphoto.com\/es\/vector\/biomas-en-brasil-mapa-de-seis-ecosistemas-con-vegetaci%C3%B3n-natural-gm1621561567-531757270\">https:\/\/www.istockphoto.com\/es\/vector\/biomas-en-brasil-mapa-de-seis-ecosistemas-con-vegetaci%C3%B3n-natural-gm1621561567-531757270<\/a><\/p>\n\n\n\n<p>Mapa Incendios Amazon\u00eda<\/p>\n\n\n\n<p><a href=\"https:\/\/www.maapprogram.org\/wp-content\/uploads\/2023\/06\/maaproject.org-maap-187-deforestacion-y-fuegos-en-la-amazonia-2022-HS-PFL-Fire2022-PanAmz-3-14Percent-Jun2023-200dpi-Spa.jpg\">https:\/\/www.maapprogram.org\/wp-content\/uploads\/2023\/06\/maaproject.org-maap-187-deforestacion-y-fuegos-en-la-amazonia-2022-HS-PFL-Fire2022-PanAmz-3-14Percent-Jun2023-200dpi-Spa.jpg<\/a><\/p>\n\n\n\n<p class=\"has-text-align-right\"><em><strong>Traducci\u00f3n de Gleice Oliveira<\/strong><\/em><\/p>\n","protected":false},"excerpt":{"rendered":"<p>Carta del Foro del agua del Amazonas a la sociedad y a los tomadores de decisiones.<\/p>\n","protected":false},"author":1395,"featured_media":8615,"comment_status":"closed","ping_status":"closed","sticky":false,"template":"","format":"standard","meta":{"_monsterinsights_skip_tracking":false,"_monsterinsights_sitenote_active":false,"_monsterinsights_sitenote_note":"","_monsterinsights_sitenote_category":0,"footnotes":""},"categories":[6585,20],"tags":[3461,6662,4410,3835,6663],"class_list":{"0":"post-8614","1":"post","2":"type-post","3":"status-publish","4":"format-standard","5":"has-post-thumbnail","7":"category-6585","8":"category-desarrollo","9":"tag-agua","10":"tag-desarrollo","11":"tag-medioambiente","12":"tag-recursos-naturales","13":"tag-soberania"},"aioseo_notices":[],"featured_image_urls_v2":{"full":["https:\/\/www.revistaciendiascinep.com\/home\/wp-content\/uploads\/2024\/11\/Fotografia-de-dominio-publico.jpg",2048,1320,false],"thumbnail":["https:\/\/www.revistaciendiascinep.com\/home\/wp-content\/uploads\/2024\/11\/Fotografia-de-dominio-publico-150x150.jpg",150,150,true],"medium":["https:\/\/www.revistaciendiascinep.com\/home\/wp-content\/uploads\/2024\/11\/Fotografia-de-dominio-publico-300x193.jpg",300,193,true],"medium_large":["https:\/\/www.revistaciendiascinep.com\/home\/wp-content\/uploads\/2024\/11\/Fotografia-de-dominio-publico.jpg",768,495,false],"large":["https:\/\/www.revistaciendiascinep.com\/home\/wp-content\/uploads\/2024\/11\/Fotografia-de-dominio-publico-1024x660.jpg",770,496,true],"1536x1536":["https:\/\/www.revistaciendiascinep.com\/home\/wp-content\/uploads\/2024\/11\/Fotografia-de-dominio-publico-1536x990.jpg",1536,990,true],"2048x2048":["https:\/\/www.revistaciendiascinep.com\/home\/wp-content\/uploads\/2024\/11\/Fotografia-de-dominio-publico.jpg",2048,1320,false],"post-thumbnail":["https:\/\/www.revistaciendiascinep.com\/home\/wp-content\/uploads\/2024\/11\/Fotografia-de-dominio-publico-270x180.jpg",270,180,true],"contentberg-main":["https:\/\/www.revistaciendiascinep.com\/home\/wp-content\/uploads\/2024\/11\/Fotografia-de-dominio-publico-770x515.jpg",770,515,true],"contentberg-main-full":["https:\/\/www.revistaciendiascinep.com\/home\/wp-content\/uploads\/2024\/11\/Fotografia-de-dominio-publico-1170x508.jpg",1170,508,true],"contentberg-slider-stylish":["https:\/\/www.revistaciendiascinep.com\/home\/wp-content\/uploads\/2024\/11\/Fotografia-de-dominio-publico-900x515.jpg",900,515,true],"contentberg-slider-carousel":["https:\/\/www.revistaciendiascinep.com\/home\/wp-content\/uploads\/2024\/11\/Fotografia-de-dominio-publico-370x370.jpg",370,370,true],"contentberg-slider-grid-b":["https:\/\/www.revistaciendiascinep.com\/home\/wp-content\/uploads\/2024\/11\/Fotografia-de-dominio-publico-554x466.jpg",554,466,true],"contentberg-slider-grid-b-sm":["https:\/\/www.revistaciendiascinep.com\/home\/wp-content\/uploads\/2024\/11\/Fotografia-de-dominio-publico-306x466.jpg",306,466,true],"contentberg-slider-bold-sm":["https:\/\/www.revistaciendiascinep.com\/home\/wp-content\/uploads\/2024\/11\/Fotografia-de-dominio-publico-150x150.jpg",150,150,true],"contentberg-grid":["https:\/\/www.revistaciendiascinep.com\/home\/wp-content\/uploads\/2024\/11\/Fotografia-de-dominio-publico-370x245.jpg",370,245,true],"contentberg-list":["https:\/\/www.revistaciendiascinep.com\/home\/wp-content\/uploads\/2024\/11\/Fotografia-de-dominio-publico-260x200.jpg",260,200,true],"contentberg-list-b":["https:\/\/www.revistaciendiascinep.com\/home\/wp-content\/uploads\/2024\/11\/Fotografia-de-dominio-publico-370x305.jpg",370,305,true],"contentberg-thumb":["https:\/\/www.revistaciendiascinep.com\/home\/wp-content\/uploads\/2024\/11\/Fotografia-de-dominio-publico-87x67.jpg",87,67,true],"contentberg-thumb-alt":["https:\/\/www.revistaciendiascinep.com\/home\/wp-content\/uploads\/2024\/11\/Fotografia-de-dominio-publico-150x150.jpg",150,150,true]},"post_excerpt_stackable_v2":"<p>Carta del Foro del agua del Amazonas a la sociedad y a los tomadores de decisiones.<\/p>\n","category_list_v2":"<a href=\"https:\/\/www.revistaciendiascinep.com\/home\/category\/ediciones\/112\/\" rel=\"category tag\">112 \/ SEP-DIC 2024<\/a>, <a href=\"https:\/\/www.revistaciendiascinep.com\/home\/category\/temas\/desarrollo\/\" rel=\"category tag\">Desarrollo<\/a>","author_info_v2":{"name":"Juanjose Gutierrez","url":"https:\/\/www.revistaciendiascinep.com\/home\/author\/jgutierrezcinep-org-co\/"},"comments_num_v2":"0 comments","_links":{"self":[{"href":"https:\/\/www.revistaciendiascinep.com\/home\/wp-json\/wp\/v2\/posts\/8614","targetHints":{"allow":["GET"]}}],"collection":[{"href":"https:\/\/www.revistaciendiascinep.com\/home\/wp-json\/wp\/v2\/posts"}],"about":[{"href":"https:\/\/www.revistaciendiascinep.com\/home\/wp-json\/wp\/v2\/types\/post"}],"author":[{"embeddable":true,"href":"https:\/\/www.revistaciendiascinep.com\/home\/wp-json\/wp\/v2\/users\/1395"}],"replies":[{"embeddable":true,"href":"https:\/\/www.revistaciendiascinep.com\/home\/wp-json\/wp\/v2\/comments?post=8614"}],"version-history":[{"count":2,"href":"https:\/\/www.revistaciendiascinep.com\/home\/wp-json\/wp\/v2\/posts\/8614\/revisions"}],"predecessor-version":[{"id":8635,"href":"https:\/\/www.revistaciendiascinep.com\/home\/wp-json\/wp\/v2\/posts\/8614\/revisions\/8635"}],"wp:featuredmedia":[{"embeddable":true,"href":"https:\/\/www.revistaciendiascinep.com\/home\/wp-json\/wp\/v2\/media\/8615"}],"wp:attachment":[{"href":"https:\/\/www.revistaciendiascinep.com\/home\/wp-json\/wp\/v2\/media?parent=8614"}],"wp:term":[{"taxonomy":"category","embeddable":true,"href":"https:\/\/www.revistaciendiascinep.com\/home\/wp-json\/wp\/v2\/categories?post=8614"},{"taxonomy":"post_tag","embeddable":true,"href":"https:\/\/www.revistaciendiascinep.com\/home\/wp-json\/wp\/v2\/tags?post=8614"}],"curies":[{"name":"wp","href":"https:\/\/api.w.org\/{rel}","templated":true}]}}