{"id":8618,"date":"2024-11-20T00:09:00","date_gmt":"2024-11-20T05:09:00","guid":{"rendered":"https:\/\/www.revistaciendiascinep.com\/home\/?p=8618"},"modified":"2024-11-22T16:05:30","modified_gmt":"2024-11-22T21:05:30","slug":"negociacion-con-eln-un-ultimo-impulso-hacia-el-2025","status":"publish","type":"post","link":"https:\/\/www.revistaciendiascinep.com\/home\/negociacion-con-eln-un-ultimo-impulso-hacia-el-2025\/","title":{"rendered":"Negociaci\u00f3n con ELN: \u00bfun \u00faltimo impulso hacia el 2025?"},"content":{"rendered":"\n<h2 class=\"wp-block-heading\">A menos de dos a\u00f1os para que finalice el gobierno de Gustavo Petro, resulta pertinente hacer un balance de los desaf\u00edos que tiene la negociaci\u00f3n con el ELN en el marco de la Paz Total, y se\u00f1alar algunos elementos a considerar para avanzar en las negociaciones durante el 2025.<\/h2>\n\n\n\n<font font=\"\" size=\"3\" face=\"Roboto, Arial\" color=\"#AAAAAA\">EDICI\u00d3N 112 SEP-DIC 2024<\/font>\n\n\n\n<p class=\"has-drop-cap has-black-color has-text-color\"><em style=\"user-select: auto;\">La negociaci\u00f3n con el ELN ha pasado por bastantes altibajos, suspensi\u00f3n incluida, y sin acabarse del todo. Esto eleva el inter\u00e9s por saber c\u00f3mo va a continuar durante el 2025. En lo que va del mandato de Petro, las negociaciones han logrado avances significativos frente a otros gobiernos, como la firma del acuerdo de M\u00e9xico en marzo de 2023, una hoja de ruta acotada que defini\u00f3 el principio de \u201cimplementar lo que se va pactando\u201d; un cese al fuego prolongado; y la firma del acuerdo de participaci\u00f3n en mayo de 2024, primer punto de la agenda de M\u00e9xico, que se acompa\u00f1\u00f3 por un despliegue de participaci\u00f3n, en cabeza del Comit\u00e9 Nacional de Participaci\u00f3n CNP, para la definici\u00f3n de la metodolog\u00eda.<\/em><\/p>\n\n\n\n<p>Tambi\u00e9n se ha acompa\u00f1ado de crisis constantes, que han puesto a tambalear la mesa en m\u00e1s de una ocasi\u00f3n. A los permanentes rifirrafes entre Antonio Garc\u00eda y el presidente Petro (v\u00eda redes sociales y por fuera de la mesa, pero afect\u00e1ndola), se suman por lo menos tres hechos puntuales: en mayo, la apertura de una negociaci\u00f3n en paralelo con el Frente Comunes del Sur de Nari\u00f1o, quienes terminaron por escindirse del ELN para pactar por su cuenta, mientras el COCE acusa al Gobierno de perfidia; segundo, la no renovaci\u00f3n del cese al fuego en agosto, a pesar de los llamados de la sociedad civil y la comunidad internacional para mantenerlo; y en septiembre, el ataque masivo por parte del ELN a una unidad militar en Puerto Jord\u00e1n-Arauca, que trajo consigo la suspensi\u00f3n de las negociaciones por parte del Gobierno nacional.<\/p>\n\n\n\n<p>Ante esta situaci\u00f3n, y mientras se escribe esta nota, aparecieron noticias sobre una propuesta del ELN para destrabar la mesa de negociaci\u00f3n. El documento incluye un grupo de principios maximalistas que hablan de la paz como horizonte y de la necesidad de compromisos mutuos, al tiempo que se\u00f1ala puntos concretos bastante interesantes, que comentamos m\u00e1s adelante.<\/p>\n\n\n\n<p>Pese a este llamado, persisten inquietudes sobre c\u00f3mo sortear los desaf\u00edos que rodean la negociaci\u00f3n. Entre ellos, nos centraremos en la articulaci\u00f3n con la Paz Total, como una apuesta m\u00e1s ambiciosa que, para lo que ata\u00f1e al ELN, contiene el reto de llevar a t\u00e9rmino las negociaciones con el Frente Comuneros del Sur y de implementar el Acuerdo Final con las antiguas FARC-EP. Estos retos son importantes, porque no es una articulaci\u00f3n f\u00e1cil, ante la persistencia de lo que denominamos como <em>paces en disputa<\/em>.<\/p>\n\n\n\n<p>Haremos entonces una s\u00edntesis de lo que nos deja el 2024 en la negociaci\u00f3n con el ELN, primero desde un lente general sobre estas paces en disputa y la necesidad de solventar l\u00edos desde la Paz Total; seguido del recuento sobre la suspensi\u00f3n de los di\u00e1logos, la propuesta del ELN para superarla y, por \u00faltimo, se\u00f1alaremos algunas recomendaciones para las partes, ante un panorama todav\u00eda incierto.<\/p>\n\n\n\n<h2 class=\"wp-block-heading\"><strong>\u201cPaces\u201d en disputa<\/strong><\/h2>\n\n\n\n<p>Despu\u00e9s de la precaria y focalizada implementaci\u00f3n del acuerdo con el Gobierno Duque, se esperaba una mayor profundizaci\u00f3n con la administraci\u00f3n Petro desde la paz total, pero esto no ha sido del todo f\u00e1cil, por lo que se\u00f1alamos como la primera de las <em>paces en disputa<\/em> que afectan la negociaci\u00f3n con el ELN. Aunque la implementaci\u00f3n del Acuerdo de 2016 esuno de los pilares de la Paz Total desde su formulaci\u00f3n, estos dos proyectos de paz no han dejado de competir. Esto sucede en parte, porque persisten apellidos a la paz que las personalizan: \u201cPaz de Santos\u201d vs. \u201cPaz de Petro\u201d. No hemos logrado un sistema de pol\u00edticas p\u00fablicas o un verdadero engranaje a la institucionalidad del proyecto de paz, que responda a una visi\u00f3n estatal y a largo plazo.<\/p>\n\n\n\n<figure class=\"wp-block-image alignwide size-large\"><img loading=\"lazy\" decoding=\"async\" width=\"1024\" height=\"768\" src=\"https:\/\/www.revistaciendiascinep.com\/home\/wp-content\/uploads\/2024\/11\/Bandera-del-ELN-en-la-Universidad-Nacional-sede-Bogota-Foto-de-la-cuenta-de-Flickr-Julian-Ortega-Martinez-1024x768.jpg\" alt=\"\" class=\"wp-image-8620\" srcset=\"https:\/\/www.revistaciendiascinep.com\/home\/wp-content\/uploads\/2024\/11\/Bandera-del-ELN-en-la-Universidad-Nacional-sede-Bogota-Foto-de-la-cuenta-de-Flickr-Julian-Ortega-Martinez-1024x768.jpg 1024w, https:\/\/www.revistaciendiascinep.com\/home\/wp-content\/uploads\/2024\/11\/Bandera-del-ELN-en-la-Universidad-Nacional-sede-Bogota-Foto-de-la-cuenta-de-Flickr-Julian-Ortega-Martinez-300x225.jpg 300w, https:\/\/www.revistaciendiascinep.com\/home\/wp-content\/uploads\/2024\/11\/Bandera-del-ELN-en-la-Universidad-Nacional-sede-Bogota-Foto-de-la-cuenta-de-Flickr-Julian-Ortega-Martinez-1536x1152.jpg 1536w, https:\/\/www.revistaciendiascinep.com\/home\/wp-content\/uploads\/2024\/11\/Bandera-del-ELN-en-la-Universidad-Nacional-sede-Bogota-Foto-de-la-cuenta-de-Flickr-Julian-Ortega-Martinez.jpg 1600w\" sizes=\"auto, (max-width: 1024px) 100vw, 1024px\" \/><figcaption>Bandera del ELN en la Universidad Nacional, sede Bogot\u00e1. Foto: Juli\u00e1n Ortega Mart\u00ednez\/Flickr.<\/figcaption><\/figure>\n\n\n\n<p>Sin embargo, la llegada de Juan Fernando Cristo al Ministerio de Interior y su propuesta de Plan de Choque, parecen ser un paso en la direcci\u00f3n correcta. El Gobierno Petro no tiene que inventarse la receta para territorializar la paz, puede apoyarse en los espacios ya creados.<\/p>\n\n\n\n<p>Este llamado no es menor. Profundizar el cumplimiento del Acuerdo de Paz de 2016 es necesario para impulsar las dem\u00e1s negociaciones en curso. De cara a los grupos armados se requiere para producir confianza en la capacidad del Estado de cumplir lo pactado y salvaguardar la integridad de quienes dejen las armas, y de cara a la sociedad civil, servir\u00eda como una moneda de cambio para fortalecer el apoyo popular a las negociaciones en curso.<\/p>\n\n\n\n<p>Por su parte, los grupos armados que apuntan a dejar las armas y firmar la paz, tambi\u00e9n deben beneficiarse de los avances que ha tra\u00eddo el Acuerdo de Paz, lejos de buscar siempre una paz a su medida. Resulta bastante problem\u00e1tico que hablar de la implementaci\u00f3n del Acuerdo de Paz genere ruidos en las distintas mesas de negociaci\u00f3n, o que los espacios de construcci\u00f3n de paz previos, sean rechazados por los grupos armados.<\/p>\n\n\n\n<p>La segunda <em>paz en disputa,<\/em> que repercute en la negociaci\u00f3n con ELN, es la negociaci\u00f3n con el Frente Comuneros del Sur. En su momento gener\u00f3 muchas interrogantes, pues gener\u00f3 una crisis con la mesa nacional del ELN, que se\u00f1al\u00f3 al gobierno de actuar con perfidia y fragmentar su organizaci\u00f3n al abrir una negociaci\u00f3n en paralelo con uno de sus frentes. R\u00e1pidamente se pas\u00f3 a la escisi\u00f3n de esta estructura, lo que supondr\u00eda \u201clibertad\u201d para negociar, sin que esto repercuta en la mesa nacional, pero el ELN ha manifestado su inconformismo.<\/p>\n\n\n\n<p>En su reciente declaraci\u00f3n de principios para la negociaci\u00f3n, menciona que: \u201cCada parte asume una sola pol\u00edtica frente a este proceso de paz\u201d o que debe haber \u201cbuena fe\u201d, al tiempo que alude a \u201cuna cl\u00e1usula sobre incumplimientos\u201d (Reyes, 7 de noviembre de 2024). En definitiva, el tema Comuneros del Sur sigue sobre la mesa.<\/p>\n\n\n\n<p>Mientras tanto, para el gobierno fue una sacudida a la mesa con el ELN, que suscit\u00f3 la necesidad de celeridad y de mostrar su capacidad para territorializar la paz. Un arma de doble filo, mediante la cual puede el gobierno demostrar un tangible de la Paz Total que, por ahora, tiene muchos frentes abiertos, y pocos o ning\u00fan acuerdo alcanzado.<\/p>\n\n\n\n<h2 class=\"wp-block-heading\"><strong>Suspensi\u00f3n del di\u00e1logo<\/strong><\/h2>\n\n\n\n<p>El 17 de septiembre, un fuerte atentado del ELN a una base militar en Puerto Jord\u00e1n (Arauca)<a href=\"#_ftn1\" id=\"_ftnref1\">[1]<\/a> condujo al congelamiento de la mesa por orden del presidente Petro. Este congelamiento es un duro &nbsp;golpe para la Paz Total, pues deja sin claridad el futuro de su proceso de di\u00e1logo m\u00e1s avanzado y protag\u00f3nico. No obstante, a pesar de la suspensi\u00f3n, la mesa no se ha levantado del todo.<\/p>\n\n\n\n<p>La situaci\u00f3n puso la pelota en la cancha del ELN y le dio un aire al gobierno, as\u00ed fuera simb\u00f3licamente. Con su decisi\u00f3n, el presidente Petro marc\u00f3 unas l\u00edneas rojas contundentes, en una negociaci\u00f3n en la que constantemente se le ha endilgado laxitud con la contraparte. Producto de esto, llama la atenci\u00f3n el cambio de tono del ELN, a trav\u00e9s del mismo mismo Antonio Garc\u00eda, quien pese a ser visto como un constante provocador a la viabilidad de la negociaci\u00f3n, se\u00f1al\u00f3 que, \u201ca\u00fan en medio de las operaciones militares pueden continuarse los procesos de paz, eso han hecho en varios momentos diferentes gobiernos, ahora no puede ser la excepci\u00f3n\u201d (El Espectador, 19 de septiembre de 2024). Y de este llamado, se llega a la ya mencionada declaraci\u00f3n del 6 de noviembre por parte de la delegaci\u00f3n del ELN, en la que expresan la voluntad de superar \u201cel estado de congelamiento de la mesa\u201d (Reyes, 7 de noviembre de 2024).<\/p>\n\n\n\n<figure class=\"wp-block-image alignwide size-full\"><img loading=\"lazy\" decoding=\"async\" width=\"799\" height=\"533\" src=\"https:\/\/www.revistaciendiascinep.com\/home\/wp-content\/uploads\/2024\/11\/Encuentro-territorial-en-el-marzo-de-la-mesa-de-paz-con-el-ELN-Foto-de-@DelegacionGob.jpeg\" alt=\"\" class=\"wp-image-8621\" srcset=\"https:\/\/www.revistaciendiascinep.com\/home\/wp-content\/uploads\/2024\/11\/Encuentro-territorial-en-el-marzo-de-la-mesa-de-paz-con-el-ELN-Foto-de-@DelegacionGob.jpeg 799w, https:\/\/www.revistaciendiascinep.com\/home\/wp-content\/uploads\/2024\/11\/Encuentro-territorial-en-el-marzo-de-la-mesa-de-paz-con-el-ELN-Foto-de-@DelegacionGob-300x200.jpeg 300w, https:\/\/www.revistaciendiascinep.com\/home\/wp-content\/uploads\/2024\/11\/Encuentro-territorial-en-el-marzo-de-la-mesa-de-paz-con-el-ELN-Foto-de-@DelegacionGob-270x180.jpeg 270w, https:\/\/www.revistaciendiascinep.com\/home\/wp-content\/uploads\/2024\/11\/Encuentro-territorial-en-el-marzo-de-la-mesa-de-paz-con-el-ELN-Foto-de-@DelegacionGob-770x515.jpeg 770w\" sizes=\"auto, (max-width: 799px) 100vw, 799px\" \/><figcaption>Encuentro territorial en el marzo de la mesa de paz con el ELN. Foto: @DelegacionGob\/X.<\/figcaption><\/figure>\n\n\n\n<p>Esta disposici\u00f3n habla de una presunta voluntad de paz, enmarcada en la negociaci\u00f3n, que puede deberse a lo que m\u00faltiples analistas han se\u00f1alado como una necesidad del ELN por siempre tener una mesa de negociaci\u00f3n en curso: las negociaciones son la tribuna desde la cual le habla a sus integrantes y a sus bases. Sin esta, pueden perder mucho protagonismo en la vida pol\u00edtica nacional y podr\u00edan f\u00e1cilmente quedar relegados a un problema de m\u00faltiples focos regionales.<\/p>\n\n\n\n<p>Por su parte, aun cuando congelar la negociaci\u00f3n le sirvi\u00f3 para marcar un precedente, al gobierno tampoco le conviene que la negociaci\u00f3n se termine. De todas las negociaciones abiertas en la Paz Total, la del ELN tiene el simbolismo de ser la negociaci\u00f3n con la \u00faltima guerrilla \u201ccl\u00e1sica\u201d de la violencia colombiana. A medida que se acerca el cambio de gobierno, la posibilidad de lograrlo se reduce y la declaraci\u00f3n \u00faltima del ELN no habla a\u00fan de firmar un acuerdo con el presidente Petro. No obstante, marca por primera vez un meta para el 2026, de \u201cavanzar lo m\u00e1ximo posible\u201d, y con ello, el ELN por fin parece comprender que su temporalidad es distinta a la de su contraparte. Mientras ellos llevan 30 a\u00f1os de negociaciones consecutivas, al gobierno Petro, el primero de izquierda en el pa\u00eds, le quedan 2 a\u00f1os de mandato, y no es claro que quien le suceda, tenga la misma voluntad de negociar.<\/p>\n\n\n\n<h2 class=\"wp-block-heading\"><strong>\u00bfQu\u00e9 hacer de cara al 2025?<\/strong><\/h2>\n\n\n\n<h3 class=\"wp-block-heading\"><strong>ELN: reducir la voluntad fragmentada de paz<\/strong><\/h3>\n\n\n\n<p>Esto es imperativo y pasa por dos cosas. La primera, porque aunque no exista un cese al fuego vigente, pol\u00edticamente hablando las acciones armadas deben ser proporcionales a la voluntad de paz. Y, por ejemplo, el ya mencionado ataque en Puerto Jord\u00e1n mostr\u00f3 todo lo contrario. Segundo, porque justo en los d\u00edas que el ELN lanza una declaratoria de principios para destrabar la negociaci\u00f3n, realiza un paro armado en el Choc\u00f3. Esta fue una maniobra fuertemente criticada por el Alto Comisionado de paz, como agravante de la crisis humanitaria causada por la ola invernal en el departamento: &#8220;bastante absurdo en que en medio de unas conservaciones donde se est\u00e1 restableciendo la mesa y en una situaci\u00f3n de tragedia, ellos planteen un paro armado&#8221; (El Tiempo, 10 de noviembre de 2024).<\/p>\n\n\n\n<p>Aunque la delegaci\u00f3n del ELN insiste en representar la totalidad de la organizaci\u00f3n en su voluntad de paz, no deja de ser llamativo que no es la primera vez que el Frente de Guerra Occidental declara un paro armado en Choc\u00f3 mientras la mesa nacional busca avances significativos. Lo mismo aplica para Arauca. Tristemente, el atentado del pasado 17 de septiembre no es innovador para el comportamiento del Frente de Guerra Oriental, que desde el 2019 no ha dudado en expresar, de manera violenta, sus reparos frente a la negociaci\u00f3n.<\/p>\n\n\n\n<p>La distribuci\u00f3n de poder entre los Frentes del ELN, hace muchos a\u00f1os no es equitativa, as\u00ed como tampoco podemos dejar de se\u00f1alar una relaci\u00f3n entre la voluntad de paz que tienen las estructuras armadas y su posici\u00f3n en el conflicto armado. Parece ser que quienes tienen una posici\u00f3n m\u00e1s d\u00e9bil en el control territorial y econ\u00f3mico son quienes est\u00e1n m\u00e1s comprometidos con la paz (o por lo menos tienen m\u00e1s incentivos para estarlo) y viceversa<a href=\"#_ftn2\" id=\"_ftnref2\">[2]<\/a>.<\/p>\n\n\n\n<figure class=\"wp-block-image alignwide size-large\"><img loading=\"lazy\" decoding=\"async\" width=\"1024\" height=\"637\" src=\"https:\/\/www.revistaciendiascinep.com\/home\/wp-content\/uploads\/2024\/11\/Negociacion-de-paz-entre-el-gobierno-Santos-y-el-ELN-en-Ecuador-Foto-tomada-del-Flickr-Cancilleria-del-Ecuador-1024x637.jpg\" alt=\"\" class=\"wp-image-8622\" srcset=\"https:\/\/www.revistaciendiascinep.com\/home\/wp-content\/uploads\/2024\/11\/Negociacion-de-paz-entre-el-gobierno-Santos-y-el-ELN-en-Ecuador-Foto-tomada-del-Flickr-Cancilleria-del-Ecuador-1024x637.jpg 1024w, https:\/\/www.revistaciendiascinep.com\/home\/wp-content\/uploads\/2024\/11\/Negociacion-de-paz-entre-el-gobierno-Santos-y-el-ELN-en-Ecuador-Foto-tomada-del-Flickr-Cancilleria-del-Ecuador-300x186.jpg 300w, https:\/\/www.revistaciendiascinep.com\/home\/wp-content\/uploads\/2024\/11\/Negociacion-de-paz-entre-el-gobierno-Santos-y-el-ELN-en-Ecuador-Foto-tomada-del-Flickr-Cancilleria-del-Ecuador-1536x955.jpg 1536w\" sizes=\"auto, (max-width: 1024px) 100vw, 1024px\" \/><figcaption>Negociaci\u00f3n de paz entre el gobierno Santos y el ELN en Ecuador. Foto: Canciller\u00eda del Ecuador\/Flickr.<\/figcaption><\/figure>\n\n\n\n<h3 class=\"wp-block-heading\"><strong>Gobierno: cumplir o cumplir<\/strong><\/h3>\n\n\n\n<p>Este tambi\u00e9n es un imperativo en dos niveles: nacional y regional. Ya se\u00f1alamos la necesidad de acelerar la implementaci\u00f3n del Acuerdo de Paz del 2016, para crear mejor posibilidades en la negociaci\u00f3n con el ELN y otros. Pero tambi\u00e9n, aunque suene parad\u00f3jico, al gobierno le conviene sacar con \u00e9xito la negociaci\u00f3n e implementaci\u00f3n de la \u201cmaqueta de paz\u201d que se propone con Comuneros del Sur en Nari\u00f1o. Con esta negociaci\u00f3n, el Gobierno se juega la credibilidad en su capacidad de implementaci\u00f3n r\u00e1pida y efectiva, en un contexto que tiene mucho a su favor: una estructura guerrillera acotada, a diferencia de un grupo con despliegue nacional; la personalizaci\u00f3n de un Alto Comisionado para la paz que se abandera de la situaci\u00f3n; un gobernador y un grupo de alcaldes que apoyan el despliegue (a\u00fan a costa de jugarse su capital pol\u00edtico local); y una sociedad civil esperanzada en ver materializadas un c\u00famulo de transformaciones territoriales.<\/p>\n\n\n\n<p>De salir mal, se enviar\u00eda una p\u00e9sima se\u00f1al a todos los actores involucrados en la construcci\u00f3n de paz en Colombia, pero tambi\u00e9n, parad\u00f3jicamente, al mism\u00edsimo ELN a nivel nacional (y tambi\u00e9n a los dem\u00e1s grupos con los que negocia), que ver\u00eda una raz\u00f3n adicional para desconfiar. Esta propuesta ha sido inquietante ante la necesidad de darle una cara regional a la paz, pero no todo proceso de regionalizaci\u00f3n se traduce en una f\u00f3rmula m\u00e1gica con resultados inmediatos. Sin embargo, en lo que respecta a Comuneros del Sur, para el 2025 al gobierno no le queda m\u00e1s que pasar de una \u201cmaqueta de paz\u201d, a un despliegue efectivo que se traduzca en un \u201cedificio de paz\u201d o la construcci\u00f3n que quepa en la met\u00e1fora.<\/p>\n\n\n\n<h3 class=\"wp-block-heading\"><strong>No descuidar la seguridad<\/strong><\/h3>\n\n\n\n<p>En la Paz Total siempre ha sido problem\u00e1tico que las negociaciones y ceses al fuego entre el gobierno y alg\u00fan grupo armado, no sea condici\u00f3n suficiente para reducir la violencia, porque persisten las confrontaciones entre ellos mismos. De ah\u00ed que esta pol\u00edtica de negociaci\u00f3n amplia deba acompa\u00f1arse de una estrategia de seguridad efectiva, que contenga los da\u00f1os que ocasionan las disputas entre organizaciones armadas.<\/p>\n\n\n\n<p>Volviendo a Arauca como escenario lastimosamente protag\u00f3nico, no se puede pasar por alto que el pasado 30 de octubre, las disidencias de las FARC (Estado Mayor Central-EMC) declar\u00f3 la guerra al ELN en el departamento. Se despierta as\u00ed el fantasma de la guerra entre las FARC-EP y el ELN en Arauca entre el 2006 y 2009. Una confrontaci\u00f3n directa que, adem\u00e1s cont\u00f3 con el asesinato masivo de liderazgos sociales que cada guerrilla asumi\u00f3 como base social de su contraparte.<\/p>\n\n\n\n<p>Para entonces ,dicha confrontaci\u00f3n se solvent\u00f3 con un pacto entre las dos guerrillas y manuales de convivencia locales, en los que se propon\u00eda la no repetici\u00f3n de una escalada de este tipo. Pero el surgimiento de las disidencias puso en duda la firmeza de dichos pactos, al punto que a noviembre de 2024, la disputa entre las disidencias y ELN en la zona trajo consigo combates, asesinatos, desplazamientos masivos y sus respectivas crisis humanitarias (Infobae, 2 de noviembre de 2024).<\/p>\n\n\n\n<h2 class=\"wp-block-heading\"><strong>Referencias<\/strong><\/h2>\n\n\n\n<div class=\"wp-block-stackable-subtitle stk-block-subtitle stk-block stk-a76ea90\" data-block-id=\"a76ea90\"><p class=\"stk-block-subtitle__text stk-subtitle\">Cinep (2023) <em>Negociaci\u00f3n con el ELN. An\u00e1lisis del segundo ciclo. Regi\u00f3n Choc\u00f3<\/em>. Disponible en: <a href=\"https:\/\/cinep.org.co\/publicaciones\/producto\/negociacion-con-el-eln-analisis-del-segundo-ciclo-region-choco\/\">https:\/\/cinep.org.co\/publicaciones\/producto\/negociacion-con-el-eln-analisis-del-segundo-ciclo-region-choco\/<\/a><\/p><\/div>\n\n\n\n<div class=\"wp-block-stackable-subtitle stk-block-subtitle stk-block stk-4c73bda\" data-block-id=\"4c73bda\"><p class=\"stk-block-subtitle__text stk-subtitle\">El Espectador (19 de septiembre de 2024) <em>Esto respondi\u00f3 jefe del ELN a la suspensi\u00f3n del proceso de paz por parte de Petro<\/em>. Disponible en: &nbsp;<a href=\"https:\/\/www.elespectador.com\/colombia-20\/paz-y-memoria\/petro-y-eln-comandante-guerrillero-antonio-garcia-responde-a-suspension-del-proceso-de-paz\/\">https:\/\/www.elespectador.com\/colombia-20\/paz-y-memoria\/petro-y-eln-comandante-guerrillero-antonio-garcia-responde-a-suspension-del-proceso-de-paz\/<\/a><\/p><\/div>\n\n\n\n<div class=\"wp-block-stackable-subtitle stk-block-subtitle stk-block stk-30ef2af\" data-block-id=\"30ef2af\"><p class=\"stk-block-subtitle__text stk-subtitle\">El Pa\u00eds (17 de septiembre de 2024) <em>Un atentado a una base militar en Arauca deja dos soldados muertos y 26 heridos. <\/em>Disponible en: <a href=\"https:\/\/elpais.com\/america-colombia\/2024-09-17\/un-atentado-a-una-base-militar-en-arauca-deja-dos-soldados-muertos-y-26-heridos.html\">https:\/\/elpais.com\/america-colombia\/2024-09-17\/un-atentado-a-una-base-militar-en-arauca-deja-dos-soldados-muertos-y-26-heridos.html<\/a><\/p><\/div>\n\n\n\n<div class=\"wp-block-stackable-subtitle stk-block-subtitle stk-block stk-744b04e\" data-block-id=\"744b04e\"><p class=\"stk-block-subtitle__text stk-subtitle\">El Tiempo (10 de noviembre de 2024) <em>\u2018Es absurdo&#8217;: Otty Pati\u00f1o critica al Eln por anunciar paro armado en medio de las emergencias por lluvias en Choc\u00f3<\/em>. Disponible en: <a href=\"https:\/\/www.eltiempo.com\/politica\/proceso-de-paz\/es-absurdo-otty-patino-critica-al-eln-por-anunciar-paro-armado-en-medio-de-las-emergencias-por-lluvias-en-choco-3398428\">https:\/\/www.eltiempo.com\/politica\/proceso-de-paz\/es-absurdo-otty-patino-critica-al-eln-por-anunciar-paro-armado-en-medio-de-las-emergencias-por-lluvias-en-choco-3398428<\/a><\/p><\/div>\n\n\n\n<div class=\"wp-block-stackable-subtitle stk-block-subtitle stk-block stk-229186e\" data-block-id=\"229186e\"><p class=\"stk-block-subtitle__text stk-subtitle\">Infobae (2 de noviembre de 2024) <em>ELN respondi\u00f3 a alias \u201cAntonio Medina\u201d de las Disidencias de las Farc recrudeciendo la guerra entre guerrillas en Casanare y Arauca<\/em>. Disponible en: <a href=\"https:\/\/www.infobae.com\/colombia\/2024\/11\/02\/eln-respondio-a-alias-antonio-medina-de-las-disidencias-de-las-farc-recrudeciendo-la-guerra-entre-guerrillas-en-casanare-y-arauca\/\">https:\/\/www.infobae.com\/colombia\/2024\/11\/02\/eln-respondio-a-alias-antonio-medina-de-las-disidencias-de-las-farc-recrudeciendo-la-guerra-entre-guerrillas-en-casanare-y-arauca\/<\/a><\/p><\/div>\n\n\n\n<div class=\"wp-block-stackable-subtitle stk-block-subtitle stk-block stk-76dce4f\" data-block-id=\"76dce4f\"><p class=\"stk-block-subtitle__text stk-subtitle\"><a href=\"file:\/\/Users\/jorgecamacho\/Downloads\/Reyes,%20Daniel%20(7%20de%20noviembre%20de%202024)%20Gobierno%20y%20ELN%20anunciaron%20nueva%20mesa%20de%20negociaci\u00f3n;%20sin%20embargo,%20la%20guerrilla%20dio%20a%20entender%20que%20no%20alcanzar\u00e1%20a%20firmar%20la%20paz%20con%20Gustavo%20Petro.%20Disponible%20en:%20https:\/www.infobae.com\/colombia\/2024\/11\/07\/aunque-el-eln-le-envio-mensaje-al-gobierno-y-aseguro-que-no-habra-firma-de-paz-con-gustavo-petro-anuncian-una-nueva-mesa-de-negociacion\/\">Reyes, Daniel (7 de noviembre de 2024) <em>Gobierno y ELN anunciaron nueva mesa de negociaci\u00f3n; sin embargo, la guerrilla dio a entender que no alcanzar\u00e1 a firmar la paz con Gustavo Petro.<\/em> Disponible en: https:\/\/www.infobae.com\/colombia\/2024\/11\/07\/aunque-el-eln-le-envio-mensaje-al-gobierno-y-aseguro-que-no-habra-firma-de-paz-con-gustavo-petro-anuncian-una-nueva-mesa-de-negociacion\/<\/a><\/p><\/div>\n\n\n\n<hr class=\"wp-block-separator\"\/>\n\n\n\n<p><a href=\"#_ftnref1\" id=\"_ftn1\">[1]<\/a> El ataque dej\u00f3 28 soldados heridos, de los cuales 2 fallecieron (El Pa\u00eds, 17 de septiembre de 2024).<\/p>\n\n\n\n<p><a href=\"#_ftnref2\" id=\"_ftn2\">[2]<\/a> Como lo se\u00f1ala un informe realizado por el CINEP\/PPP: \u201cEl FGO se concibe como un actor con fuerza militar, y por ende econ\u00f3mica, que lo vuelve clave para negociar y hablar de paz con la guerrilla.\u201d (Cinep, 2023).<\/p>\n","protected":false},"excerpt":{"rendered":"<p>Con menos de dos a\u00f1os restantes del gobierno de Gustavo Petro, es oportuno evaluar los retos que enfrenta la negociaci\u00f3n con el ELN en el contexto de la Paz Total y destacar aspectos clave a tener en cuenta para progresar en los di\u00e1logos durante el 2025.<\/p>\n","protected":false},"author":1395,"featured_media":8619,"comment_status":"closed","ping_status":"closed","sticky":false,"template":"","format":"standard","meta":{"_monsterinsights_skip_tracking":false,"_monsterinsights_sitenote_active":false,"_monsterinsights_sitenote_note":"","_monsterinsights_sitenote_category":0,"footnotes":""},"categories":[6585,4876],"tags":[1692,1196,1295,1181],"class_list":{"0":"post-8618","1":"post","2":"type-post","3":"status-publish","4":"format-standard","5":"has-post-thumbnail","7":"category-6585","8":"category-paz-total","9":"tag-acuerdo-de-paz","10":"tag-eln","11":"tag-gobierno","12":"tag-paz"},"aioseo_notices":[],"featured_image_urls_v2":{"full":["https:\/\/www.revistaciendiascinep.com\/home\/wp-content\/uploads\/2024\/11\/Vera-Grave-jefa-de-delegacion-de-gobierno-en-la-mesa-de-dialogos-con-el-ELN-Foto-de-@DelegacionGob.jpeg",1600,1066,false],"thumbnail":["https:\/\/www.revistaciendiascinep.com\/home\/wp-content\/uploads\/2024\/11\/Vera-Grave-jefa-de-delegacion-de-gobierno-en-la-mesa-de-dialogos-con-el-ELN-Foto-de-@DelegacionGob-150x150.jpeg",150,150,true],"medium":["https:\/\/www.revistaciendiascinep.com\/home\/wp-content\/uploads\/2024\/11\/Vera-Grave-jefa-de-delegacion-de-gobierno-en-la-mesa-de-dialogos-con-el-ELN-Foto-de-@DelegacionGob-300x200.jpeg",300,200,true],"medium_large":["https:\/\/www.revistaciendiascinep.com\/home\/wp-content\/uploads\/2024\/11\/Vera-Grave-jefa-de-delegacion-de-gobierno-en-la-mesa-de-dialogos-con-el-ELN-Foto-de-@DelegacionGob.jpeg",768,512,false],"large":["https:\/\/www.revistaciendiascinep.com\/home\/wp-content\/uploads\/2024\/11\/Vera-Grave-jefa-de-delegacion-de-gobierno-en-la-mesa-de-dialogos-con-el-ELN-Foto-de-@DelegacionGob-1024x682.jpeg",770,513,true],"1536x1536":["https:\/\/www.revistaciendiascinep.com\/home\/wp-content\/uploads\/2024\/11\/Vera-Grave-jefa-de-delegacion-de-gobierno-en-la-mesa-de-dialogos-con-el-ELN-Foto-de-@DelegacionGob-1536x1023.jpeg",1536,1023,true],"2048x2048":["https:\/\/www.revistaciendiascinep.com\/home\/wp-content\/uploads\/2024\/11\/Vera-Grave-jefa-de-delegacion-de-gobierno-en-la-mesa-de-dialogos-con-el-ELN-Foto-de-@DelegacionGob.jpeg",1600,1066,false],"post-thumbnail":["https:\/\/www.revistaciendiascinep.com\/home\/wp-content\/uploads\/2024\/11\/Vera-Grave-jefa-de-delegacion-de-gobierno-en-la-mesa-de-dialogos-con-el-ELN-Foto-de-@DelegacionGob-270x180.jpeg",270,180,true],"contentberg-main":["https:\/\/www.revistaciendiascinep.com\/home\/wp-content\/uploads\/2024\/11\/Vera-Grave-jefa-de-delegacion-de-gobierno-en-la-mesa-de-dialogos-con-el-ELN-Foto-de-@DelegacionGob-770x515.jpeg",770,515,true],"contentberg-main-full":["https:\/\/www.revistaciendiascinep.com\/home\/wp-content\/uploads\/2024\/11\/Vera-Grave-jefa-de-delegacion-de-gobierno-en-la-mesa-de-dialogos-con-el-ELN-Foto-de-@DelegacionGob-1170x508.jpeg",1170,508,true],"contentberg-slider-stylish":["https:\/\/www.revistaciendiascinep.com\/home\/wp-content\/uploads\/2024\/11\/Vera-Grave-jefa-de-delegacion-de-gobierno-en-la-mesa-de-dialogos-con-el-ELN-Foto-de-@DelegacionGob-900x515.jpeg",900,515,true],"contentberg-slider-carousel":["https:\/\/www.revistaciendiascinep.com\/home\/wp-content\/uploads\/2024\/11\/Vera-Grave-jefa-de-delegacion-de-gobierno-en-la-mesa-de-dialogos-con-el-ELN-Foto-de-@DelegacionGob-370x370.jpeg",370,370,true],"contentberg-slider-grid-b":["https:\/\/www.revistaciendiascinep.com\/home\/wp-content\/uploads\/2024\/11\/Vera-Grave-jefa-de-delegacion-de-gobierno-en-la-mesa-de-dialogos-con-el-ELN-Foto-de-@DelegacionGob-554x466.jpeg",554,466,true],"contentberg-slider-grid-b-sm":["https:\/\/www.revistaciendiascinep.com\/home\/wp-content\/uploads\/2024\/11\/Vera-Grave-jefa-de-delegacion-de-gobierno-en-la-mesa-de-dialogos-con-el-ELN-Foto-de-@DelegacionGob-306x466.jpeg",306,466,true],"contentberg-slider-bold-sm":["https:\/\/www.revistaciendiascinep.com\/home\/wp-content\/uploads\/2024\/11\/Vera-Grave-jefa-de-delegacion-de-gobierno-en-la-mesa-de-dialogos-con-el-ELN-Foto-de-@DelegacionGob-150x150.jpeg",150,150,true],"contentberg-grid":["https:\/\/www.revistaciendiascinep.com\/home\/wp-content\/uploads\/2024\/11\/Vera-Grave-jefa-de-delegacion-de-gobierno-en-la-mesa-de-dialogos-con-el-ELN-Foto-de-@DelegacionGob-370x245.jpeg",370,245,true],"contentberg-list":["https:\/\/www.revistaciendiascinep.com\/home\/wp-content\/uploads\/2024\/11\/Vera-Grave-jefa-de-delegacion-de-gobierno-en-la-mesa-de-dialogos-con-el-ELN-Foto-de-@DelegacionGob-260x200.jpeg",260,200,true],"contentberg-list-b":["https:\/\/www.revistaciendiascinep.com\/home\/wp-content\/uploads\/2024\/11\/Vera-Grave-jefa-de-delegacion-de-gobierno-en-la-mesa-de-dialogos-con-el-ELN-Foto-de-@DelegacionGob-370x305.jpeg",370,305,true],"contentberg-thumb":["https:\/\/www.revistaciendiascinep.com\/home\/wp-content\/uploads\/2024\/11\/Vera-Grave-jefa-de-delegacion-de-gobierno-en-la-mesa-de-dialogos-con-el-ELN-Foto-de-@DelegacionGob-87x67.jpeg",87,67,true],"contentberg-thumb-alt":["https:\/\/www.revistaciendiascinep.com\/home\/wp-content\/uploads\/2024\/11\/Vera-Grave-jefa-de-delegacion-de-gobierno-en-la-mesa-de-dialogos-con-el-ELN-Foto-de-@DelegacionGob-150x150.jpeg",150,150,true]},"post_excerpt_stackable_v2":"<p>Con menos de dos a\u00f1os restantes del gobierno de Gustavo Petro, es oportuno evaluar los retos que enfrenta la negociaci\u00f3n con el ELN en el contexto de la Paz Total y destacar aspectos clave a tener en cuenta para progresar en los di\u00e1logos durante el 2025.<\/p>\n","category_list_v2":"<a href=\"https:\/\/www.revistaciendiascinep.com\/home\/category\/ediciones\/112\/\" rel=\"category tag\">112 \/ SEP-DIC 2024<\/a>, <a href=\"https:\/\/www.revistaciendiascinep.com\/home\/category\/temas\/paz-total\/\" rel=\"category tag\">Paz Total<\/a>","author_info_v2":{"name":"Juanjose Gutierrez","url":"https:\/\/www.revistaciendiascinep.com\/home\/author\/jgutierrezcinep-org-co\/"},"comments_num_v2":"0 comments","_links":{"self":[{"href":"https:\/\/www.revistaciendiascinep.com\/home\/wp-json\/wp\/v2\/posts\/8618","targetHints":{"allow":["GET"]}}],"collection":[{"href":"https:\/\/www.revistaciendiascinep.com\/home\/wp-json\/wp\/v2\/posts"}],"about":[{"href":"https:\/\/www.revistaciendiascinep.com\/home\/wp-json\/wp\/v2\/types\/post"}],"author":[{"embeddable":true,"href":"https:\/\/www.revistaciendiascinep.com\/home\/wp-json\/wp\/v2\/users\/1395"}],"replies":[{"embeddable":true,"href":"https:\/\/www.revistaciendiascinep.com\/home\/wp-json\/wp\/v2\/comments?post=8618"}],"version-history":[{"count":1,"href":"https:\/\/www.revistaciendiascinep.com\/home\/wp-json\/wp\/v2\/posts\/8618\/revisions"}],"predecessor-version":[{"id":8623,"href":"https:\/\/www.revistaciendiascinep.com\/home\/wp-json\/wp\/v2\/posts\/8618\/revisions\/8623"}],"wp:featuredmedia":[{"embeddable":true,"href":"https:\/\/www.revistaciendiascinep.com\/home\/wp-json\/wp\/v2\/media\/8619"}],"wp:attachment":[{"href":"https:\/\/www.revistaciendiascinep.com\/home\/wp-json\/wp\/v2\/media?parent=8618"}],"wp:term":[{"taxonomy":"category","embeddable":true,"href":"https:\/\/www.revistaciendiascinep.com\/home\/wp-json\/wp\/v2\/categories?post=8618"},{"taxonomy":"post_tag","embeddable":true,"href":"https:\/\/www.revistaciendiascinep.com\/home\/wp-json\/wp\/v2\/tags?post=8618"}],"curies":[{"name":"wp","href":"https:\/\/api.w.org\/{rel}","templated":true}]}}