{"id":16,"name":"V\u00edctor Barrera","url":"","description":"Polit\u00f3logo de la Universidad Javeriana con maestr\u00eda en ciencia pol\u00edtica de la Universidad de Los Andes. Actualmente es investigador del equipo Estado, Conflicto y Desarrollo del Centro de Investigaci\u00f3n y Educaci\u00f3n Popular. Se ha interesado en analizar \u00e1reas relacionadas con el proceso de formaci\u00f3n del Estado, las din\u00e1micas territoriales de la guerra y la paz en Colombia, las relaciones entre crimen y conflicto armado y, m\u00e1s recientemente, el comportamiento de la protesta social.","link":"https:\/\/www.revistaciendiascinep.com\/home\/author\/victorbarrera\/","slug":"victorbarrera","avatar_urls":{"24":"https:\/\/secure.gravatar.com\/avatar\/f2c6dbb0ec684f8806edda4364c44db31bdea91eb653228febad1b939238343f?s=24&d=identicon&r=g","48":"https:\/\/secure.gravatar.com\/avatar\/f2c6dbb0ec684f8806edda4364c44db31bdea91eb653228febad1b939238343f?s=48&d=identicon&r=g","96":"https:\/\/secure.gravatar.com\/avatar\/f2c6dbb0ec684f8806edda4364c44db31bdea91eb653228febad1b939238343f?s=96&d=identicon&r=g"},"meta":[],"_links":{"self":[{"href":"https:\/\/www.revistaciendiascinep.com\/home\/wp-json\/wp\/v2\/users\/16","targetHints":{"allow":["GET"]}}],"collection":[{"href":"https:\/\/www.revistaciendiascinep.com\/home\/wp-json\/wp\/v2\/users"}]}}